{"id":627,"date":"2022-06-21T14:15:45","date_gmt":"2022-06-21T14:15:45","guid":{"rendered":"https:\/\/bgsp-ev.de\/?p=627"},"modified":"2022-06-21T14:19:33","modified_gmt":"2022-06-21T14:19:33","slug":"gegen-das-vergessen-aus-der-geschichte-lernen-t4-gedenktag-am-2-9-2022","status":"publish","type":"post","link":"https:\/\/bgsp-ev.de\/?p=627","title":{"rendered":"Gegen das Vergessen &#8211; Aus der Geschichte lernen  T4 Gedenktag am 2.9.2022"},"content":{"rendered":"<p>Auch in diesem Jahr hat die DGSP den T4-Gedenktag am 2.9.2022 in Berlin-Tiergarten im Rahmen des Kontaktgespr\u00e4chs Psychiatrie federf\u00fchrend mitgestaltet und mitorganisiert.<br \/>\nUnter der \u00dcberschrift \u201eGegen das Vergessen \u2013 Aus der Geschichte lernen\u201c gedenken wir seit 2009 am ersten Septemberwochenende mit einer Informationsveranstaltung der Opfer der schrecklichen Patientenmorde und Gewalttaten durch das NS-Regime.<br \/>\nDie Anmeldung zu der Veranstaltung erfolgt \u00fcber diesen <a href=\"https:\/\/eveeno.com\/begleitveranstaltung-gegen_das_vergessen\">Link<\/a>:<br \/>\n<a href=\"https:\/\/eveeno.com\/begleitveranstaltung-gegen_das_vergessen\">https:\/\/eveeno.com\/begleitveranstaltung-gegen_das_vergessen<\/a><\/p>\n","protected":false},"excerpt":{"rendered":"<p>Auch in diesem Jahr hat die DGSP den T4-Gedenktag am 2.9.2022 in Berlin-Tiergarten im Rahmen des Kontaktgespr\u00e4chs Psychiatrie federf\u00fchrend mitgestaltet und mitorganisiert. Unter der \u00dcberschrift \u201eGegen das Vergessen \u2013 Aus der Geschichte lernen\u201c gedenken wir seit 2009 am ersten Septemberwochenende mit einer Informationsveranstaltung der Opfer der schrecklichen Patientenmorde und Gewalttaten durch das NS-Regime. Die Anmeldung\u2026 <span class=\"read-more\"><a href=\"https:\/\/bgsp-ev.de\/?p=627\">Weiterlesen &raquo;<\/a><\/span><\/p>\n","protected":false},"author":1,"featured_media":0,"comment_status":"closed","ping_status":"closed","sticky":false,"template":"","format":"standard","meta":{"footnotes":""},"categories":[19,7],"tags":[3,43],"class_list":["post-627","post","type-post","status-publish","format-standard","hentry","category-dgsp","category-veranstaltungen","tag-geschichte-dgsp","tag-t4-gedenkveranstaltung"],"_links":{"self":[{"href":"https:\/\/bgsp-ev.de\/index.php?rest_route=\/wp\/v2\/posts\/627","targetHints":{"allow":["GET"]}}],"collection":[{"href":"https:\/\/bgsp-ev.de\/index.php?rest_route=\/wp\/v2\/posts"}],"about":[{"href":"https:\/\/bgsp-ev.de\/index.php?rest_route=\/wp\/v2\/types\/post"}],"author":[{"embeddable":true,"href":"https:\/\/bgsp-ev.de\/index.php?rest_route=\/wp\/v2\/users\/1"}],"replies":[{"embeddable":true,"href":"https:\/\/bgsp-ev.de\/index.php?rest_route=%2Fwp%2Fv2%2Fcomments&post=627"}],"version-history":[{"count":3,"href":"https:\/\/bgsp-ev.de\/index.php?rest_route=\/wp\/v2\/posts\/627\/revisions"}],"predecessor-version":[{"id":630,"href":"https:\/\/bgsp-ev.de\/index.php?rest_route=\/wp\/v2\/posts\/627\/revisions\/630"}],"wp:attachment":[{"href":"https:\/\/bgsp-ev.de\/index.php?rest_route=%2Fwp%2Fv2%2Fmedia&parent=627"}],"wp:term":[{"taxonomy":"category","embeddable":true,"href":"https:\/\/bgsp-ev.de\/index.php?rest_route=%2Fwp%2Fv2%2Fcategories&post=627"},{"taxonomy":"post_tag","embeddable":true,"href":"https:\/\/bgsp-ev.de\/index.php?rest_route=%2Fwp%2Fv2%2Ftags&post=627"}],"curies":[{"name":"wp","href":"https:\/\/api.w.org\/{rel}","templated":true}]}}