{"id":669,"date":"2022-11-04T12:34:35","date_gmt":"2022-11-04T12:34:35","guid":{"rendered":"https:\/\/bgsp-ev.de\/?p=669"},"modified":"2022-11-04T13:12:40","modified_gmt":"2022-11-04T13:12:40","slug":"klaus-doener-und-die-psychiatriereform-in-deutschland-veranstaltung-am-29-11-2022","status":"publish","type":"post","link":"https:\/\/bgsp-ev.de\/?p=669","title":{"rendered":"&#8222;Klaus D\u00f6rner und die Psychiatriereform in Deutschland&#8220; Veranstaltung am 29.11.2022"},"content":{"rendered":"<p>Aus Anlass des Todes von Prof. Dr. Dr. Klaus D\u00f6rner am 25. September l\u00e4dt die Berliner Gesellschaft f\u00fcr Soziale Psychiatrie zu einer Fachveranstaltung ein. Sie findet statt am <strong>29. November 2022 von 17 -20 Uhr im Pinellodrom, Dominicusstra\u00dfe 5, 10823 Berlin-Sch\u00f6neberg<\/strong>.<br \/>\nWir m\u00f6chten mit Ihnen und Euch anhand von Impulsvortr\u00e4gen \u00fcber die Bedeutung von Klaus D\u00f6rner f\u00fcr die Sozialpsychiatrie und die deutsche Psychiatriereform diskutieren.<span class=\"Apple-converted-space\">\u00a0Eine Einladung k\u00f6nnen Sie sich hier ansehen oder herunterladen: <a href=\"https:\/\/bgsp-ev.de\/wp-content\/uploads\/2022\/11\/Einladung_Gedenkveranstaltung.pdf\">Einladung<\/a><\/span><\/p>\n<p>Vortr\u00e4ge:<span class=\"Apple-converted-space\"><br \/>\n<\/span><b>Klaus D\u00f6rner und die fr\u00fche Sozialpsychiatrie <\/b>Christian Reumsch\u00fcssel-Wienert<span class=\"Apple-converted-space\"><br \/>\n<\/span>Aussprache \u2013 Gelegenheit f\u00fcr pers\u00f6nliche Statements<span class=\"Apple-converted-space\">\u00a0<\/span><\/p>\n<p><b>Sozialpsychiatrie in der Gegenwart <\/b>Matthias Rosemann<span class=\"Apple-converted-space\"><br \/>\n<\/span>Aussprache &#8211; Diskussion<span class=\"Apple-converted-space\">\u00a0<\/span><\/p>\n<p>Die Veranstaltung soll den \u201ealten K\u00e4mpfer*innen\u201c zur Erinnerung dienen und insbesondere j\u00fcngere Kolleg*innen, Psychiatrieerfahrene, Angeh\u00f6rige und interessierte Menschen ansprechen, um auf die fachlichen Grundlagen, Kontinuit\u00e4ten, Br\u00fcche und neue Herausforderungen psychosozialer Hilfen hinzuweisen.<span class=\"Apple-converted-space\"><br \/>\n<\/span>Es gibt Raum f\u00fcr pers\u00f6nliche Statements. Ein Imbiss wird gereicht.<span class=\"Apple-converted-space\"><br \/>\nDer Eintritt ist frei, eine Anmeldung ist nicht erforderlich.<br \/>\n<\/span><strong>Zuvor gibt es Gelegenheit, ab 15.00 Uhr das \u00bbBerliner Archiv f\u00fcr Sozialpsychiatrie\u00ab (BAS) zu besuchen.<span class=\"Apple-converted-space\">\u00a0<\/span><\/strong><span class=\"Apple-converted-space\">Es befindet sich hinter dem Pinellodrom im\u00a0Erdgeschoss rechts, bitte den Eingang vom Hof benutzen.<\/span><\/p>\n","protected":false},"excerpt":{"rendered":"<p>Aus Anlass des Todes von Prof. Dr. Dr. Klaus D\u00f6rner am 25. September l\u00e4dt die Berliner Gesellschaft f\u00fcr Soziale Psychiatrie zu einer Fachveranstaltung ein. Sie findet statt am 29. November 2022 von 17 -20 Uhr im Pinellodrom, Dominicusstra\u00dfe 5, 10823 Berlin-Sch\u00f6neberg. Wir m\u00f6chten mit Ihnen und Euch anhand von Impulsvortr\u00e4gen \u00fcber die Bedeutung von Klaus\u2026 <span class=\"read-more\"><a href=\"https:\/\/bgsp-ev.de\/?p=669\">Weiterlesen &raquo;<\/a><\/span><\/p>\n","protected":false},"author":1,"featured_media":0,"comment_status":"closed","ping_status":"closed","sticky":false,"template":"","format":"standard","meta":{"footnotes":""},"categories":[10,7],"tags":[24,44],"class_list":["post-669","post","type-post","status-publish","format-standard","hentry","category-berliner-archiv-fuer-sozialpsychiatrie","category-veranstaltungen","tag-bgsp","tag-klaus-doerner"],"_links":{"self":[{"href":"https:\/\/bgsp-ev.de\/index.php?rest_route=\/wp\/v2\/posts\/669","targetHints":{"allow":["GET"]}}],"collection":[{"href":"https:\/\/bgsp-ev.de\/index.php?rest_route=\/wp\/v2\/posts"}],"about":[{"href":"https:\/\/bgsp-ev.de\/index.php?rest_route=\/wp\/v2\/types\/post"}],"author":[{"embeddable":true,"href":"https:\/\/bgsp-ev.de\/index.php?rest_route=\/wp\/v2\/users\/1"}],"replies":[{"embeddable":true,"href":"https:\/\/bgsp-ev.de\/index.php?rest_route=%2Fwp%2Fv2%2Fcomments&post=669"}],"version-history":[{"count":7,"href":"https:\/\/bgsp-ev.de\/index.php?rest_route=\/wp\/v2\/posts\/669\/revisions"}],"predecessor-version":[{"id":676,"href":"https:\/\/bgsp-ev.de\/index.php?rest_route=\/wp\/v2\/posts\/669\/revisions\/676"}],"wp:attachment":[{"href":"https:\/\/bgsp-ev.de\/index.php?rest_route=%2Fwp%2Fv2%2Fmedia&parent=669"}],"wp:term":[{"taxonomy":"category","embeddable":true,"href":"https:\/\/bgsp-ev.de\/index.php?rest_route=%2Fwp%2Fv2%2Fcategories&post=669"},{"taxonomy":"post_tag","embeddable":true,"href":"https:\/\/bgsp-ev.de\/index.php?rest_route=%2Fwp%2Fv2%2Ftags&post=669"}],"curies":[{"name":"wp","href":"https:\/\/api.w.org\/{rel}","templated":true}]}}