{"id":735,"date":"2023-06-04T17:33:59","date_gmt":"2023-06-04T17:33:59","guid":{"rendered":"https:\/\/bgsp-ev.de\/?p=735"},"modified":"2023-06-04T17:42:39","modified_gmt":"2023-06-04T17:42:39","slug":"paritaetischer-wohlfahrtsverband-berlin-und-gesundheitsstadt-berlin-gruenden-aktionsbuendnis-psychische-gesundheit-berlin","status":"publish","type":"post","link":"https:\/\/bgsp-ev.de\/?p=735","title":{"rendered":"Parit\u00e4tischer Wohlfahrtsverband Berlin und Gesundheitsstadt Berlin gr\u00fcnden Aktionsb\u00fcndnis psychische Gesundheit Berlin"},"content":{"rendered":"<p>Im Rahmen der Veranstaltung \u201eSeelische Gesundheit in der Krise\u201c wurde am 31.Mai 2023 in Berlin das &#8218;Aktionsb\u00fcndnis seelische Gesundheit Berlin&#8216; gemeinsam vom Parit\u00e4tischen Wohlfahrtsverband LV Berlin und Gesundheitsstadt Berlin GmbH gegr\u00fcndet. Das B\u00fcndnis, dem sich Akteure aus Politik und Gesellschaft angeschlossen haben, will sich f\u00fcr die psychosoziale Versorgung Berlins, f\u00fcr Entstigmatisierung seelischer Erkrankungen, Aufkl\u00e4rung und Pr\u00e4vention sowie f\u00fcr die finanzielle Absicherung psychosozialer Hilfsangebote einsetzen.\u00a0Die Erkl\u00e4rung des Aktionsb\u00fcndnis seelische Gesundheit Berlin k\u00f6nnen Sie sich hier herunterladen: <a href=\"https:\/\/bgsp-ev.de\/wp-content\/uploads\/2023\/06\/Erklaerung_Aktionsbuendnis_psychische_Gesundheit_Berlin.pdf\"><strong>Erkl\u00e4rung<\/strong><\/a> Die BGSP ist dem B\u00fcndnis beigetreten und geh\u00f6rt damit zu den Erstunterzeichnern.<\/p>\n","protected":false},"excerpt":{"rendered":"<p>Im Rahmen der Veranstaltung \u201eSeelische Gesundheit in der Krise\u201c wurde am 31.Mai 2023 in Berlin das &#8218;Aktionsb\u00fcndnis seelische Gesundheit Berlin&#8216; gemeinsam vom Parit\u00e4tischen Wohlfahrtsverband LV Berlin und Gesundheitsstadt Berlin GmbH gegr\u00fcndet. Das B\u00fcndnis, dem sich Akteure aus Politik und Gesellschaft angeschlossen haben, will sich f\u00fcr die psychosoziale Versorgung Berlins, f\u00fcr Entstigmatisierung seelischer Erkrankungen, Aufkl\u00e4rung und\u2026 <span class=\"read-more\"><a href=\"https:\/\/bgsp-ev.de\/?p=735\">Weiterlesen &raquo;<\/a><\/span><\/p>\n","protected":false},"author":1,"featured_media":0,"comment_status":"closed","ping_status":"closed","sticky":false,"template":"","format":"standard","meta":{"footnotes":""},"categories":[25,30,28],"tags":[47,14],"class_list":["post-735","post","type-post","status-publish","format-standard","hentry","category-info-nachrichten","category-presse","category-stellungnahmen-positio","tag-aktionsbuendnis","tag-veranstaltungen"],"_links":{"self":[{"href":"https:\/\/bgsp-ev.de\/index.php?rest_route=\/wp\/v2\/posts\/735","targetHints":{"allow":["GET"]}}],"collection":[{"href":"https:\/\/bgsp-ev.de\/index.php?rest_route=\/wp\/v2\/posts"}],"about":[{"href":"https:\/\/bgsp-ev.de\/index.php?rest_route=\/wp\/v2\/types\/post"}],"author":[{"embeddable":true,"href":"https:\/\/bgsp-ev.de\/index.php?rest_route=\/wp\/v2\/users\/1"}],"replies":[{"embeddable":true,"href":"https:\/\/bgsp-ev.de\/index.php?rest_route=%2Fwp%2Fv2%2Fcomments&post=735"}],"version-history":[{"count":4,"href":"https:\/\/bgsp-ev.de\/index.php?rest_route=\/wp\/v2\/posts\/735\/revisions"}],"predecessor-version":[{"id":740,"href":"https:\/\/bgsp-ev.de\/index.php?rest_route=\/wp\/v2\/posts\/735\/revisions\/740"}],"wp:attachment":[{"href":"https:\/\/bgsp-ev.de\/index.php?rest_route=%2Fwp%2Fv2%2Fmedia&parent=735"}],"wp:term":[{"taxonomy":"category","embeddable":true,"href":"https:\/\/bgsp-ev.de\/index.php?rest_route=%2Fwp%2Fv2%2Fcategories&post=735"},{"taxonomy":"post_tag","embeddable":true,"href":"https:\/\/bgsp-ev.de\/index.php?rest_route=%2Fwp%2Fv2%2Ftags&post=735"}],"curies":[{"name":"wp","href":"https:\/\/api.w.org\/{rel}","templated":true}]}}