{"id":924,"date":"2025-04-07T06:23:30","date_gmt":"2025-04-07T06:23:30","guid":{"rendered":"https:\/\/bgsp-ev.de\/?p=924"},"modified":"2025-04-08T12:41:06","modified_gmt":"2025-04-08T12:41:06","slug":"veranstaltung-massregelvollzug-in-berlin-herausforderungen-probleme-perspektiven-am-31-03-2025","status":"publish","type":"post","link":"https:\/\/bgsp-ev.de\/?p=924","title":{"rendered":"Veranstaltung &#8222;Ma\u00dfregelvollzug in Berlin \u2013 Herausforderungen, Probleme, Perspektiven\u201c am 31.03.2025"},"content":{"rendered":"<p><img loading=\"lazy\" decoding=\"async\" class=\"\" src=\"https:\/\/bgsp-ev.de\/wp-content\/uploads\/2025\/04\/2Bild-KMV-Veranstaltung_c.png\" alt=\"\" width=\"653\" height=\"299\" \/><\/p>\n<p>Am 31.03.2025 lud die Berliner Gesellschaft f\u00fcr Soziale Psychiatrie zur Veranstaltung \u201eMa\u00dfregelvollzug in Berlin \u2013 Herausforderungen, Probleme, Perspektiven\u201c ins Pinellodrom. Erfreulicherweise traf das Thema auf gro\u00dfe Resonanz, es kamen \u00fcber 100 Interessierte, so dass kurz vor Beginn noch weitere St\u00fchle organisiert werden mussten.\u00a0 Durch den Nachmittag f\u00fchrte der Moderator Burkhard Plemper. Nach der Begr\u00fc\u00dfung und einer kurzen Einf\u00fchrung durch Christian Reumsch\u00fcssel-Wienert spannte Matthias Rosemann in seinem Vortrag den Bogen von den Anf\u00e4ngen des Berliner KMV bis zur heutigen Situation. In einem weiteren Vortrag berichtete die Rechtsanw\u00e4ltin Frau Dr. Kersten Woweries von ihren ern\u00fcchternden beruflichen Erfahrungen mit der Justiz, nicht ohne auch Verbesserungsvorschl\u00e4ge anzubringen. Dr. Friedhelm Schmidt-Quernheim weitete den Blick \u00fcber die Berliner Landesgrenzen hinaus auf die bundesdeutsche Forensik und lenkte die Aufmerksamkeit auf Strukturen und Ma\u00dfnahmen, die sich zur Verbesserung des KMV bew\u00e4hrt haben. Nach den fachlichen Inputs kam zun\u00e4chst die Mutter eines KMV-Patienten zu Wort, die das Publikum mit ihrem Bericht \u00fcber die Zust\u00e4nde im Berliner KMV bewegte. Neben einer Kontaktsperre in den ersten Monaten des Aufenthaltes ihres Sohnes z\u00e4hlt sie weitere Missst\u00e4nde auf. So sei ihrem k\u00f6rperlich beeintr\u00e4chtigten Sohn u.A. eine moderne Prothese verweigert worden. Eindr\u00fccklich waren zudem die vorgelesenen Statements von Patienten, die sich momentan im KMV befinden. Sie berichten von Monotonie, den Aggressionen der Mitpatienten und nicht stattfindender Therapie.<\/p>\n<p>Der kurzen Pause mit Brezeln und Getr\u00e4nken schloss sich eine Podiumsdiskussion mit Prof. Dr. Norbert Konrad (Direktor des Instituts f\u00fcr Forensische Psychiatrie an der Charit\u00e9), Norma Kusserow (Landesbeauftragte f\u00fcr psychische Gesundheit), Dr. Julia Krebs (seit Januar \u00c4rztliche Leitung Krankenhaus des Ma\u00dfregelvollzugs Berlin), Matthias Rosemann (BGSP) und Catherina Pieroth (MdA, DIE GR\u00dcNEN) an. Die Diskussion m\u00fcndete in zahlreiche konkrete Vorschl\u00e4ge:<\/p>\n<ul>\n<li>Aufbau zus\u00e4tzlicher forensisch-psychiatrischer Ambulanzen, um R\u00fcckf\u00fchrungen aus dem Ma\u00dfregelvollzug besser zu begleiten und R\u00fcckf\u00e4lle zu vermeiden.<\/li>\n<li>F\u00f6rderung multiprofessioneller Zusammenarbeit, u.a. zwischen Justiz, Psychiatrie und Eingliederungshilfe, um Vermeidung von Unterbringungen nach \u00a763 StGB durch fr\u00fchzeitige Interventionen zu erm\u00f6glichen.<\/li>\n<li>Investitionen in Wohnraum f\u00fcr entlassene oder ambulant zu betreuende forensische Patient*innen \u2013 insbesondere durch landeseigene Wohnungsunternehmen.<\/li>\n<li>Anreize f\u00fcr Fachkr\u00e4fte, etwa durch finanzielle Zulagen, bessere Arbeitsbedingungen und fachliche Entwicklungsm\u00f6glichkeiten.<\/li>\n<li>St\u00e4rkere gesellschaftliche Aufkl\u00e4rung, um Vorurteile gegen\u00fcber forensischen Patient*innen abzubauen. Einvernehmlicher Tenor war, dass es sich um kranke Menschen handelt, die Anspruch auf angemessene Behandlung und Teilhabe haben.<\/li>\n<li>Evaluation der rechtlichen Praxis, insbesondere im Hinblick auf die gestiegene Zahl von Unterbringungen. Es wurde diskutiert, ob Menschen schneller in den Ma\u00dfregelvollzug eingewiesen werden, weil andere Versorgungsformen fehlen.<\/li>\n<\/ul>\n<p>Es wurde deutlich, dass sich im KMV Berlin strukturelle, personelle und konzeptionelle M\u00e4ngel gegenseitig verst\u00e4rken. Es herrschte Konsens dar\u00fcber, dass eine Reform notwendig ist, die mehr als nur bauliche Ma\u00dfnahmen umfasst: Ein Paradigmenwechsel in Richtung einer menschenrechtsbasierten, modernen und vernetzten Forensik sei erforderlich. Dabei ist der gesamte Senat einschlie\u00dflich des Regierenden B\u00fcrgermeisters Kai Wegner in der Verantwortung.<\/p>\n<p><img decoding=\"async\" src=\"https:\/\/bgsp-ev.de\/wp-content\/uploads\/2025\/04\/BGSP_31-03-2025_5.jpg\" alt=\"\" \/><img decoding=\"async\" src=\"https:\/\/bgsp-ev.de\/wp-content\/uploads\/2025\/04\/BGSP_31-03-2025_3.jpg\" alt=\"\" \/><\/p>\n","protected":false},"excerpt":{"rendered":"<p>Am 31.03.2025 lud die Berliner Gesellschaft f\u00fcr Soziale Psychiatrie zur Veranstaltung \u201eMa\u00dfregelvollzug in Berlin \u2013 Herausforderungen, Probleme, Perspektiven\u201c ins Pinellodrom. Erfreulicherweise traf das Thema auf gro\u00dfe Resonanz, es kamen \u00fcber 100 Interessierte, so dass kurz vor Beginn noch weitere St\u00fchle organisiert werden mussten.\u00a0 Durch den Nachmittag f\u00fchrte der Moderator Burkhard Plemper. Nach der Begr\u00fc\u00dfung und\u2026 <span class=\"read-more\"><a href=\"https:\/\/bgsp-ev.de\/?p=924\">Weiterlesen &raquo;<\/a><\/span><\/p>\n","protected":false},"author":1,"featured_media":0,"comment_status":"closed","ping_status":"closed","sticky":false,"template":"","format":"standard","meta":{"footnotes":""},"categories":[7],"tags":[24,57,56,14],"class_list":["post-924","post","type-post","status-publish","format-standard","hentry","category-veranstaltungen","tag-bgsp","tag-forensik","tag-massregelvollzug","tag-veranstaltungen"],"_links":{"self":[{"href":"https:\/\/bgsp-ev.de\/index.php?rest_route=\/wp\/v2\/posts\/924","targetHints":{"allow":["GET"]}}],"collection":[{"href":"https:\/\/bgsp-ev.de\/index.php?rest_route=\/wp\/v2\/posts"}],"about":[{"href":"https:\/\/bgsp-ev.de\/index.php?rest_route=\/wp\/v2\/types\/post"}],"author":[{"embeddable":true,"href":"https:\/\/bgsp-ev.de\/index.php?rest_route=\/wp\/v2\/users\/1"}],"replies":[{"embeddable":true,"href":"https:\/\/bgsp-ev.de\/index.php?rest_route=%2Fwp%2Fv2%2Fcomments&post=924"}],"version-history":[{"count":4,"href":"https:\/\/bgsp-ev.de\/index.php?rest_route=\/wp\/v2\/posts\/924\/revisions"}],"predecessor-version":[{"id":935,"href":"https:\/\/bgsp-ev.de\/index.php?rest_route=\/wp\/v2\/posts\/924\/revisions\/935"}],"wp:attachment":[{"href":"https:\/\/bgsp-ev.de\/index.php?rest_route=%2Fwp%2Fv2%2Fmedia&parent=924"}],"wp:term":[{"taxonomy":"category","embeddable":true,"href":"https:\/\/bgsp-ev.de\/index.php?rest_route=%2Fwp%2Fv2%2Fcategories&post=924"},{"taxonomy":"post_tag","embeddable":true,"href":"https:\/\/bgsp-ev.de\/index.php?rest_route=%2Fwp%2Fv2%2Ftags&post=924"}],"curies":[{"name":"wp","href":"https:\/\/api.w.org\/{rel}","templated":true}]}}